{"id":1012,"date":"2023-02-18T17:14:07","date_gmt":"2023-02-18T16:14:07","guid":{"rendered":"https:\/\/lafermepourtous.org\/?p=1012"},"modified":"2023-05-12T14:41:54","modified_gmt":"2023-05-12T12:41:54","slug":"le-bercail-paysan-un-exemple-inspirant","status":"publish","type":"post","link":"https:\/\/lafermepourtous.org\/index.php\/2023\/02\/18\/le-bercail-paysan-un-exemple-inspirant\/","title":{"rendered":"Le Bercail Paysan: un exemple inspirant !"},"content":{"rendered":"\n<p class=\"has-text-align-left has-black-color has-text-color\">Depuis le d\u00e9but de nos r\u00e9flexions nous suivons avec attention la mise en place du projet port\u00e9 par l\u2019association le <a href=\"http:\/\/lebercailpaysan.fr\/\" target=\"_blank\" rel=\"noreferrer noopener\">Bercail Paysan<\/a> dans l\u2019Is\u00e8re. Apr\u00e8s le service d\u2019accueil de jour dans une ferme qui a d\u00e9marr\u00e9 d\u00e9but 2022 l\u2019exp\u00e9rience acquise avec le projet d\u2019habitat partag\u00e9 avec d\u00e9marrage pr\u00e9vu fin  2025 sera tr\u00e8s pr\u00e9cieuse \u00e9galement. D\u00e9but janvier Fran\u00e7oise Soler Cr\u00e9pin qui travaille sur le projet de La Ferme pour Tous s\u2019est rendue sur place pour une rencontre fructueuse. Plus de d\u00e9tails dans le <a href=\"http:\/\/rmy3.mjt.lu\/lnk\/AVkAAAx9TD8AAchlKwAAAQKkEXkAAAAAO_UAnEYAAAplIQBj7X0cwLP9sGYcSbmBftmaqOtSrQAKFS0\/1\/WQh4hJxoPK_ZXrrX_olDWw\/aHR0cHM6Ly9kcml2ZS5nb29nbGUuY29tL2ZpbGUvZC8xTGhhZUVCZWxYOXFIX21QRVFUMVJBT1ItV0l3S2hFVjUvdmlldz91c3A9c2hhcmVfbGluaw\" target=\"_blank\" rel=\"noreferrer noopener\">journal de f\u00e9vrier 2023<\/a>.<\/p>\n","protected":false},"excerpt":{"rendered":"<p>Depuis le d\u00e9but de nos r\u00e9flexions nous suivons avec attention la mise en place du projet port\u00e9 par l\u2019association le Bercail Paysan dans l\u2019Is\u00e8re. Apr\u00e8s le service d\u2019accueil de jour dans une ferme qui a d\u00e9marr\u00e9 d\u00e9but 2022 l\u2019exp\u00e9rience acquise avec le projet d\u2019habitat partag\u00e9 avec d\u00e9marrage pr\u00e9vu fin 2025 [&hellip;]<\/p>\n","protected":false},"author":2,"featured_media":212,"comment_status":"closed","ping_status":"closed","sticky":false,"template":"","format":"standard","meta":{"_themeisle_gutenberg_block_has_review":false,"footnotes":""},"categories":[12],"tags":[],"class_list":["post-1012","post","type-post","status-publish","format-standard","has-post-thumbnail","hentry","category-rencontres"],"yoast_head":"<!-- This site is optimized with the Yoast SEO plugin v21.5 - https:\/\/yoast.com\/wordpress\/plugins\/seo\/ -->\n<title>Le Bercail Paysan: un exemple inspirant ! - La Ferme Pour Tous<\/title>\n<meta name=\"robots\" content=\"index, follow, max-snippet:-1, max-image-preview:large, max-video-preview:-1\" \/>\n<link rel=\"canonical\" href=\"https:\/\/lafermepourtous.org\/index.php\/2023\/02\/18\/le-bercail-paysan-un-exemple-inspirant\/\" \/>\n<meta property=\"og:locale\" content=\"fr_FR\" \/>\n<meta property=\"og:type\" content=\"article\" \/>\n<meta property=\"og:title\" content=\"Le Bercail Paysan: un exemple inspirant ! - La Ferme Pour Tous\" \/>\n<meta property=\"og:description\" content=\"Depuis le d\u00e9but de nos r\u00e9flexions nous suivons avec attention la mise en place du projet port\u00e9 par l\u2019association le Bercail Paysan dans l\u2019Is\u00e8re. Apr\u00e8s le service d\u2019accueil de jour dans une ferme qui a d\u00e9marr\u00e9 d\u00e9but 2022 l\u2019exp\u00e9rience acquise avec le projet d\u2019habitat partag\u00e9 avec d\u00e9marrage pr\u00e9vu fin 2025 [&hellip;]\" \/>\n<meta property=\"og:url\" content=\"https:\/\/lafermepourtous.org\/index.php\/2023\/02\/18\/le-bercail-paysan-un-exemple-inspirant\/\" \/>\n<meta property=\"og:site_name\" content=\"La Ferme Pour Tous\" \/>\n<meta property=\"article:published_time\" content=\"2023-02-18T16:14:07+00:00\" \/>\n<meta property=\"article:modified_time\" content=\"2023-05-12T12:41:54+00:00\" \/>\n<meta property=\"og:image\" content=\"https:\/\/lafermepourtous.org\/wp-content\/uploads\/2022\/10\/D16EC8D9-1EA2-463A-87EE-A614CA3DE3EF-scaled.jpeg\" \/>\n\t<meta property=\"og:image:width\" content=\"2560\" \/>\n\t<meta property=\"og:image:height\" content=\"1920\" \/>\n\t<meta property=\"og:image:type\" content=\"image\/jpeg\" \/>\n<meta name=\"author\" content=\"Jean-Fran\u00e7ois Touchard\" \/>\n<meta name=\"twitter:card\" content=\"summary_large_image\" \/>\n<meta name=\"twitter:label1\" content=\"\u00c9crit par\" \/>\n\t<meta name=\"twitter:data1\" content=\"Jean-Fran\u00e7ois Touchard\" \/>\n\t<meta name=\"twitter:label2\" content=\"Dur\u00e9e de lecture estim\u00e9e\" \/>\n\t<meta name=\"twitter:data2\" content=\"1 minute\" \/>\n<script type=\"application\/ld+json\" class=\"yoast-schema-graph\">{\"@context\":\"https:\/\/schema.org\",\"@graph\":[{\"@type\":\"Article\",\"@id\":\"https:\/\/lafermepourtous.org\/index.php\/2023\/02\/18\/le-bercail-paysan-un-exemple-inspirant\/#article\",\"isPartOf\":{\"@id\":\"https:\/\/lafermepourtous.org\/index.php\/2023\/02\/18\/le-bercail-paysan-un-exemple-inspirant\/\"},\"author\":{\"name\":\"Jean-Fran\u00e7ois Touchard\",\"@id\":\"https:\/\/lafermepourtous.org\/#\/schema\/person\/a96babba7306f08d7fb8e8db6d8de172\"},\"headline\":\"Le Bercail Paysan: un exemple inspirant !\",\"datePublished\":\"2023-02-18T16:14:07+00:00\",\"dateModified\":\"2023-05-12T12:41:54+00:00\",\"mainEntityOfPage\":{\"@id\":\"https:\/\/lafermepourtous.org\/index.php\/2023\/02\/18\/le-bercail-paysan-un-exemple-inspirant\/\"},\"wordCount\":111,\"publisher\":{\"@id\":\"https:\/\/lafermepourtous.org\/#organization\"},\"articleSection\":[\"Rencontres\"],\"inLanguage\":\"fr-FR\"},{\"@type\":\"WebPage\",\"@id\":\"https:\/\/lafermepourtous.org\/index.php\/2023\/02\/18\/le-bercail-paysan-un-exemple-inspirant\/\",\"url\":\"https:\/\/lafermepourtous.org\/index.php\/2023\/02\/18\/le-bercail-paysan-un-exemple-inspirant\/\",\"name\":\"Le Bercail Paysan: un exemple inspirant ! - La Ferme Pour Tous\",\"isPartOf\":{\"@id\":\"https:\/\/lafermepourtous.org\/#website\"},\"datePublished\":\"2023-02-18T16:14:07+00:00\",\"dateModified\":\"2023-05-12T12:41:54+00:00\",\"breadcrumb\":{\"@id\":\"https:\/\/lafermepourtous.org\/index.php\/2023\/02\/18\/le-bercail-paysan-un-exemple-inspirant\/#breadcrumb\"},\"inLanguage\":\"fr-FR\",\"potentialAction\":[{\"@type\":\"ReadAction\",\"target\":[\"https:\/\/lafermepourtous.org\/index.php\/2023\/02\/18\/le-bercail-paysan-un-exemple-inspirant\/\"]}]},{\"@type\":\"BreadcrumbList\",\"@id\":\"https:\/\/lafermepourtous.org\/index.php\/2023\/02\/18\/le-bercail-paysan-un-exemple-inspirant\/#breadcrumb\",\"itemListElement\":[{\"@type\":\"ListItem\",\"position\":1,\"name\":\"Accueil\",\"item\":\"https:\/\/lafermepourtous.org\/\"},{\"@type\":\"ListItem\",\"position\":2,\"name\":\"Le Bercail Paysan: un exemple inspirant !\"}]},{\"@type\":\"WebSite\",\"@id\":\"https:\/\/lafermepourtous.org\/#website\",\"url\":\"https:\/\/lafermepourtous.org\/\",\"name\":\"La Ferme Pour Tous\",\"description\":\"\",\"publisher\":{\"@id\":\"https:\/\/lafermepourtous.org\/#organization\"},\"potentialAction\":[{\"@type\":\"SearchAction\",\"target\":{\"@type\":\"EntryPoint\",\"urlTemplate\":\"https:\/\/lafermepourtous.org\/?s={search_term_string}\"},\"query-input\":\"required name=search_term_string\"}],\"inLanguage\":\"fr-FR\"},{\"@type\":\"Organization\",\"@id\":\"https:\/\/lafermepourtous.org\/#organization\",\"name\":\"La Ferme Pour Tous\",\"url\":\"https:\/\/lafermepourtous.org\/\",\"logo\":{\"@type\":\"ImageObject\",\"inLanguage\":\"fr-FR\",\"@id\":\"https:\/\/lafermepourtous.org\/#\/schema\/logo\/image\/\",\"url\":\"https:\/\/lafermepourtous.org\/wp-content\/uploads\/2022\/10\/cropped-cropped-cropped-Logo_la_ferme_pour_tous-1.png\",\"contentUrl\":\"https:\/\/lafermepourtous.org\/wp-content\/uploads\/2022\/10\/cropped-cropped-cropped-Logo_la_ferme_pour_tous-1.png\",\"width\":250,\"height\":250,\"caption\":\"La Ferme Pour Tous\"},\"image\":{\"@id\":\"https:\/\/lafermepourtous.org\/#\/schema\/logo\/image\/\"}},{\"@type\":\"Person\",\"@id\":\"https:\/\/lafermepourtous.org\/#\/schema\/person\/a96babba7306f08d7fb8e8db6d8de172\",\"name\":\"Jean-Fran\u00e7ois Touchard\",\"image\":{\"@type\":\"ImageObject\",\"inLanguage\":\"fr-FR\",\"@id\":\"https:\/\/lafermepourtous.org\/#\/schema\/person\/image\/\",\"url\":\"https:\/\/secure.gravatar.com\/avatar\/f71c0cbae553ff2ad9bd332ea861d155?s=96&d=mm&r=g\",\"contentUrl\":\"https:\/\/secure.gravatar.com\/avatar\/f71c0cbae553ff2ad9bd332ea861d155?s=96&d=mm&r=g\",\"caption\":\"Jean-Fran\u00e7ois Touchard\"},\"url\":\"https:\/\/lafermepourtous.org\/index.php\/author\/jftouch\/\"}]}<\/script>\n<!-- \/ Yoast SEO plugin. -->","yoast_head_json":{"title":"Le Bercail Paysan: un exemple inspirant ! - La Ferme Pour Tous","robots":{"index":"index","follow":"follow","max-snippet":"max-snippet:-1","max-image-preview":"max-image-preview:large","max-video-preview":"max-video-preview:-1"},"canonical":"https:\/\/lafermepourtous.org\/index.php\/2023\/02\/18\/le-bercail-paysan-un-exemple-inspirant\/","og_locale":"fr_FR","og_type":"article","og_title":"Le Bercail Paysan: un exemple inspirant ! - La Ferme Pour Tous","og_description":"Depuis le d\u00e9but de nos r\u00e9flexions nous suivons avec attention la mise en place du projet port\u00e9 par l\u2019association le Bercail Paysan dans l\u2019Is\u00e8re. Apr\u00e8s le service d\u2019accueil de jour dans une ferme qui a d\u00e9marr\u00e9 d\u00e9but 2022 l\u2019exp\u00e9rience acquise avec le projet d\u2019habitat partag\u00e9 avec d\u00e9marrage pr\u00e9vu fin 2025 [&hellip;]","og_url":"https:\/\/lafermepourtous.org\/index.php\/2023\/02\/18\/le-bercail-paysan-un-exemple-inspirant\/","og_site_name":"La Ferme Pour Tous","article_published_time":"2023-02-18T16:14:07+00:00","article_modified_time":"2023-05-12T12:41:54+00:00","og_image":[{"width":2560,"height":1920,"url":"https:\/\/lafermepourtous.org\/wp-content\/uploads\/2022\/10\/D16EC8D9-1EA2-463A-87EE-A614CA3DE3EF-scaled.jpeg","type":"image\/jpeg"}],"author":"Jean-Fran\u00e7ois Touchard","twitter_card":"summary_large_image","twitter_misc":{"\u00c9crit par":"Jean-Fran\u00e7ois Touchard","Dur\u00e9e de lecture estim\u00e9e":"1 minute"},"schema":{"@context":"https:\/\/schema.org","@graph":[{"@type":"Article","@id":"https:\/\/lafermepourtous.org\/index.php\/2023\/02\/18\/le-bercail-paysan-un-exemple-inspirant\/#article","isPartOf":{"@id":"https:\/\/lafermepourtous.org\/index.php\/2023\/02\/18\/le-bercail-paysan-un-exemple-inspirant\/"},"author":{"name":"Jean-Fran\u00e7ois Touchard","@id":"https:\/\/lafermepourtous.org\/#\/schema\/person\/a96babba7306f08d7fb8e8db6d8de172"},"headline":"Le Bercail Paysan: un exemple inspirant !","datePublished":"2023-02-18T16:14:07+00:00","dateModified":"2023-05-12T12:41:54+00:00","mainEntityOfPage":{"@id":"https:\/\/lafermepourtous.org\/index.php\/2023\/02\/18\/le-bercail-paysan-un-exemple-inspirant\/"},"wordCount":111,"publisher":{"@id":"https:\/\/lafermepourtous.org\/#organization"},"articleSection":["Rencontres"],"inLanguage":"fr-FR"},{"@type":"WebPage","@id":"https:\/\/lafermepourtous.org\/index.php\/2023\/02\/18\/le-bercail-paysan-un-exemple-inspirant\/","url":"https:\/\/lafermepourtous.org\/index.php\/2023\/02\/18\/le-bercail-paysan-un-exemple-inspirant\/","name":"Le Bercail Paysan: un exemple inspirant ! - La Ferme Pour Tous","isPartOf":{"@id":"https:\/\/lafermepourtous.org\/#website"},"datePublished":"2023-02-18T16:14:07+00:00","dateModified":"2023-05-12T12:41:54+00:00","breadcrumb":{"@id":"https:\/\/lafermepourtous.org\/index.php\/2023\/02\/18\/le-bercail-paysan-un-exemple-inspirant\/#breadcrumb"},"inLanguage":"fr-FR","potentialAction":[{"@type":"ReadAction","target":["https:\/\/lafermepourtous.org\/index.php\/2023\/02\/18\/le-bercail-paysan-un-exemple-inspirant\/"]}]},{"@type":"BreadcrumbList","@id":"https:\/\/lafermepourtous.org\/index.php\/2023\/02\/18\/le-bercail-paysan-un-exemple-inspirant\/#breadcrumb","itemListElement":[{"@type":"ListItem","position":1,"name":"Accueil","item":"https:\/\/lafermepourtous.org\/"},{"@type":"ListItem","position":2,"name":"Le Bercail Paysan: un exemple inspirant !"}]},{"@type":"WebSite","@id":"https:\/\/lafermepourtous.org\/#website","url":"https:\/\/lafermepourtous.org\/","name":"La Ferme Pour Tous","description":"","publisher":{"@id":"https:\/\/lafermepourtous.org\/#organization"},"potentialAction":[{"@type":"SearchAction","target":{"@type":"EntryPoint","urlTemplate":"https:\/\/lafermepourtous.org\/?s={search_term_string}"},"query-input":"required name=search_term_string"}],"inLanguage":"fr-FR"},{"@type":"Organization","@id":"https:\/\/lafermepourtous.org\/#organization","name":"La Ferme Pour Tous","url":"https:\/\/lafermepourtous.org\/","logo":{"@type":"ImageObject","inLanguage":"fr-FR","@id":"https:\/\/lafermepourtous.org\/#\/schema\/logo\/image\/","url":"https:\/\/lafermepourtous.org\/wp-content\/uploads\/2022\/10\/cropped-cropped-cropped-Logo_la_ferme_pour_tous-1.png","contentUrl":"https:\/\/lafermepourtous.org\/wp-content\/uploads\/2022\/10\/cropped-cropped-cropped-Logo_la_ferme_pour_tous-1.png","width":250,"height":250,"caption":"La Ferme Pour Tous"},"image":{"@id":"https:\/\/lafermepourtous.org\/#\/schema\/logo\/image\/"}},{"@type":"Person","@id":"https:\/\/lafermepourtous.org\/#\/schema\/person\/a96babba7306f08d7fb8e8db6d8de172","name":"Jean-Fran\u00e7ois Touchard","image":{"@type":"ImageObject","inLanguage":"fr-FR","@id":"https:\/\/lafermepourtous.org\/#\/schema\/person\/image\/","url":"https:\/\/secure.gravatar.com\/avatar\/f71c0cbae553ff2ad9bd332ea861d155?s=96&d=mm&r=g","contentUrl":"https:\/\/secure.gravatar.com\/avatar\/f71c0cbae553ff2ad9bd332ea861d155?s=96&d=mm&r=g","caption":"Jean-Fran\u00e7ois Touchard"},"url":"https:\/\/lafermepourtous.org\/index.php\/author\/jftouch\/"}]}},"_links":{"self":[{"href":"https:\/\/lafermepourtous.org\/index.php\/wp-json\/wp\/v2\/posts\/1012"}],"collection":[{"href":"https:\/\/lafermepourtous.org\/index.php\/wp-json\/wp\/v2\/posts"}],"about":[{"href":"https:\/\/lafermepourtous.org\/index.php\/wp-json\/wp\/v2\/types\/post"}],"author":[{"embeddable":true,"href":"https:\/\/lafermepourtous.org\/index.php\/wp-json\/wp\/v2\/users\/2"}],"replies":[{"embeddable":true,"href":"https:\/\/lafermepourtous.org\/index.php\/wp-json\/wp\/v2\/comments?post=1012"}],"version-history":[{"count":19,"href":"https:\/\/lafermepourtous.org\/index.php\/wp-json\/wp\/v2\/posts\/1012\/revisions"}],"predecessor-version":[{"id":1102,"href":"https:\/\/lafermepourtous.org\/index.php\/wp-json\/wp\/v2\/posts\/1012\/revisions\/1102"}],"wp:featuredmedia":[{"embeddable":true,"href":"https:\/\/lafermepourtous.org\/index.php\/wp-json\/wp\/v2\/media\/212"}],"wp:attachment":[{"href":"https:\/\/lafermepourtous.org\/index.php\/wp-json\/wp\/v2\/media?parent=1012"}],"wp:term":[{"taxonomy":"category","embeddable":true,"href":"https:\/\/lafermepourtous.org\/index.php\/wp-json\/wp\/v2\/categories?post=1012"},{"taxonomy":"post_tag","embeddable":true,"href":"https:\/\/lafermepourtous.org\/index.php\/wp-json\/wp\/v2\/tags?post=1012"}],"curies":[{"name":"wp","href":"https:\/\/api.w.org\/{rel}","templated":true}]}}