{"id":1146,"date":"2023-06-16T21:09:11","date_gmt":"2023-06-16T19:09:11","guid":{"rendered":"https:\/\/lafermepourtous.org\/?p=1146"},"modified":"2024-06-02T20:06:12","modified_gmt":"2024-06-02T18:06:12","slug":"visite-a-lusine-andros-a-auneau","status":"publish","type":"post","link":"https:\/\/lafermepourtous.org\/index.php\/2023\/06\/16\/visite-a-lusine-andros-a-auneau\/","title":{"rendered":"Visite de l&#8217;usine Andros \u00e0 Auneau"},"content":{"rendered":"\n<p>Nous \u00e9tions jeudi 15 juin 2023 \u00e0 Auneau o\u00f9 nous avons \u00e9t\u00e9 accueillis par Agathe Debard de <a href=\"http:\/\/www.vivreettravaillerautrement.org\" target=\"_blank\" rel=\"noreferrer noopener\">l\u2019association VETA<\/a>. Les personnes autistes qui travaillent \u00e0 l\u2019usine Andros habitent la semaine \u00e0 la Maison du Parc situ\u00e9e \u00e0 proximit\u00e9. Cette journ\u00e9e a \u00e9t\u00e9 tr\u00e8s utile pour mieux comprendre le dispositif dans son ensemble, le fonctionnement de la Maison du Parc, l\u2019organisation du travail \u00e0 l\u2019usine, les financements mobilis\u00e9s et les points de vigilance. Nous sommes repartis avec de nouvelles id\u00e9es et r\u00e9flexions pour le projet port\u00e9 par La Ferme Pour Tous.<\/p>\n\n\n\n<p>Un grand merci \u00e0 Agathe Debard pour la qualit\u00e9 de son accueil et ses pr\u00e9cieuses explications ainsi qu\u2019\u00e0 Audrey pour la pr\u00e9paration de cette visite.<\/p>\n\n\n\n<figure class=\"wp-block-gallery has-nested-images columns-default is-cropped wp-block-gallery-1 is-layout-flex wp-block-gallery-is-layout-flex\">\n<figure class=\"wp-block-image size-large\"><img loading=\"lazy\" decoding=\"async\" width=\"640\" height=\"480\" data-id=\"1147\" src=\"https:\/\/lafermepourtous.org\/wp-content\/uploads\/2023\/06\/IMG_7607.jpg\" alt=\"\" class=\"wp-image-1147\" srcset=\"https:\/\/lafermepourtous.org\/wp-content\/uploads\/2023\/06\/IMG_7607.jpg 640w, https:\/\/lafermepourtous.org\/wp-content\/uploads\/2023\/06\/IMG_7607-300x225.jpg 300w\" sizes=\"(max-width: 640px) 100vw, 640px\" \/><\/figure>\n\n\n\n<figure class=\"wp-block-image size-large\"><img loading=\"lazy\" decoding=\"async\" width=\"640\" height=\"480\" data-id=\"1148\" src=\"https:\/\/lafermepourtous.org\/wp-content\/uploads\/2023\/06\/IMG_7608.jpg\" alt=\"\" class=\"wp-image-1148\" srcset=\"https:\/\/lafermepourtous.org\/wp-content\/uploads\/2023\/06\/IMG_7608.jpg 640w, https:\/\/lafermepourtous.org\/wp-content\/uploads\/2023\/06\/IMG_7608-300x225.jpg 300w\" sizes=\"(max-width: 640px) 100vw, 640px\" \/><\/figure>\n<\/figure>\n","protected":false},"excerpt":{"rendered":"<p>Nous \u00e9tions jeudi 15 juin 2023 \u00e0 Auneau o\u00f9 nous avons \u00e9t\u00e9 accueillis par Agathe Debard de l\u2019association VETA. Les personnes autistes qui travaillent \u00e0 l\u2019usine Andros habitent la semaine \u00e0 la Maison du Parc situ\u00e9e \u00e0 proximit\u00e9. Cette journ\u00e9e a \u00e9t\u00e9 tr\u00e8s utile pour mieux comprendre le dispositif dans [&hellip;]<\/p>\n","protected":false},"author":2,"featured_media":1148,"comment_status":"closed","ping_status":"closed","sticky":false,"template":"","format":"standard","meta":{"_themeisle_gutenberg_block_has_review":false,"footnotes":""},"categories":[12],"tags":[],"class_list":["post-1146","post","type-post","status-publish","format-standard","has-post-thumbnail","hentry","category-rencontres"],"yoast_head":"<!-- This site is optimized with the Yoast SEO plugin v21.5 - https:\/\/yoast.com\/wordpress\/plugins\/seo\/ -->\n<title>Visite de l&#039;usine Andros \u00e0 Auneau - La Ferme Pour Tous<\/title>\n<meta name=\"robots\" content=\"index, follow, max-snippet:-1, max-image-preview:large, max-video-preview:-1\" \/>\n<link rel=\"canonical\" href=\"https:\/\/lafermepourtous.org\/index.php\/2023\/06\/16\/visite-a-lusine-andros-a-auneau\/\" \/>\n<meta property=\"og:locale\" content=\"fr_FR\" \/>\n<meta property=\"og:type\" content=\"article\" \/>\n<meta property=\"og:title\" content=\"Visite de l&#039;usine Andros \u00e0 Auneau - La Ferme Pour Tous\" \/>\n<meta property=\"og:description\" content=\"Nous \u00e9tions jeudi 15 juin 2023 \u00e0 Auneau o\u00f9 nous avons \u00e9t\u00e9 accueillis par Agathe Debard de l\u2019association VETA. Les personnes autistes qui travaillent \u00e0 l\u2019usine Andros habitent la semaine \u00e0 la Maison du Parc situ\u00e9e \u00e0 proximit\u00e9. Cette journ\u00e9e a \u00e9t\u00e9 tr\u00e8s utile pour mieux comprendre le dispositif dans [&hellip;]\" \/>\n<meta property=\"og:url\" content=\"https:\/\/lafermepourtous.org\/index.php\/2023\/06\/16\/visite-a-lusine-andros-a-auneau\/\" \/>\n<meta property=\"og:site_name\" content=\"La Ferme Pour Tous\" \/>\n<meta property=\"article:published_time\" content=\"2023-06-16T19:09:11+00:00\" \/>\n<meta property=\"article:modified_time\" content=\"2024-06-02T18:06:12+00:00\" \/>\n<meta property=\"og:image\" content=\"https:\/\/lafermepourtous.org\/wp-content\/uploads\/2023\/06\/IMG_7608.jpg\" \/>\n\t<meta property=\"og:image:width\" content=\"640\" \/>\n\t<meta property=\"og:image:height\" content=\"480\" \/>\n\t<meta property=\"og:image:type\" content=\"image\/jpeg\" \/>\n<meta name=\"author\" content=\"Jean-Fran\u00e7ois Touchard\" \/>\n<meta name=\"twitter:card\" content=\"summary_large_image\" \/>\n<meta name=\"twitter:label1\" content=\"\u00c9crit par\" \/>\n\t<meta name=\"twitter:data1\" content=\"Jean-Fran\u00e7ois Touchard\" \/>\n\t<meta name=\"twitter:label2\" content=\"Dur\u00e9e de lecture estim\u00e9e\" \/>\n\t<meta name=\"twitter:data2\" content=\"1 minute\" \/>\n<script type=\"application\/ld+json\" class=\"yoast-schema-graph\">{\"@context\":\"https:\/\/schema.org\",\"@graph\":[{\"@type\":\"Article\",\"@id\":\"https:\/\/lafermepourtous.org\/index.php\/2023\/06\/16\/visite-a-lusine-andros-a-auneau\/#article\",\"isPartOf\":{\"@id\":\"https:\/\/lafermepourtous.org\/index.php\/2023\/06\/16\/visite-a-lusine-andros-a-auneau\/\"},\"author\":{\"name\":\"Jean-Fran\u00e7ois Touchard\",\"@id\":\"https:\/\/lafermepourtous.org\/#\/schema\/person\/a96babba7306f08d7fb8e8db6d8de172\"},\"headline\":\"Visite de l&#8217;usine Andros \u00e0 Auneau\",\"datePublished\":\"2023-06-16T19:09:11+00:00\",\"dateModified\":\"2024-06-02T18:06:12+00:00\",\"mainEntityOfPage\":{\"@id\":\"https:\/\/lafermepourtous.org\/index.php\/2023\/06\/16\/visite-a-lusine-andros-a-auneau\/\"},\"wordCount\":124,\"publisher\":{\"@id\":\"https:\/\/lafermepourtous.org\/#organization\"},\"articleSection\":[\"Rencontres\"],\"inLanguage\":\"fr-FR\"},{\"@type\":\"WebPage\",\"@id\":\"https:\/\/lafermepourtous.org\/index.php\/2023\/06\/16\/visite-a-lusine-andros-a-auneau\/\",\"url\":\"https:\/\/lafermepourtous.org\/index.php\/2023\/06\/16\/visite-a-lusine-andros-a-auneau\/\",\"name\":\"Visite de l'usine Andros \u00e0 Auneau - La Ferme Pour Tous\",\"isPartOf\":{\"@id\":\"https:\/\/lafermepourtous.org\/#website\"},\"datePublished\":\"2023-06-16T19:09:11+00:00\",\"dateModified\":\"2024-06-02T18:06:12+00:00\",\"breadcrumb\":{\"@id\":\"https:\/\/lafermepourtous.org\/index.php\/2023\/06\/16\/visite-a-lusine-andros-a-auneau\/#breadcrumb\"},\"inLanguage\":\"fr-FR\",\"potentialAction\":[{\"@type\":\"ReadAction\",\"target\":[\"https:\/\/lafermepourtous.org\/index.php\/2023\/06\/16\/visite-a-lusine-andros-a-auneau\/\"]}]},{\"@type\":\"BreadcrumbList\",\"@id\":\"https:\/\/lafermepourtous.org\/index.php\/2023\/06\/16\/visite-a-lusine-andros-a-auneau\/#breadcrumb\",\"itemListElement\":[{\"@type\":\"ListItem\",\"position\":1,\"name\":\"Accueil\",\"item\":\"https:\/\/lafermepourtous.org\/\"},{\"@type\":\"ListItem\",\"position\":2,\"name\":\"Visite de l&rsquo;usine Andros \u00e0 Auneau\"}]},{\"@type\":\"WebSite\",\"@id\":\"https:\/\/lafermepourtous.org\/#website\",\"url\":\"https:\/\/lafermepourtous.org\/\",\"name\":\"La Ferme Pour Tous\",\"description\":\"\",\"publisher\":{\"@id\":\"https:\/\/lafermepourtous.org\/#organization\"},\"potentialAction\":[{\"@type\":\"SearchAction\",\"target\":{\"@type\":\"EntryPoint\",\"urlTemplate\":\"https:\/\/lafermepourtous.org\/?s={search_term_string}\"},\"query-input\":\"required name=search_term_string\"}],\"inLanguage\":\"fr-FR\"},{\"@type\":\"Organization\",\"@id\":\"https:\/\/lafermepourtous.org\/#organization\",\"name\":\"La Ferme Pour Tous\",\"url\":\"https:\/\/lafermepourtous.org\/\",\"logo\":{\"@type\":\"ImageObject\",\"inLanguage\":\"fr-FR\",\"@id\":\"https:\/\/lafermepourtous.org\/#\/schema\/logo\/image\/\",\"url\":\"https:\/\/lafermepourtous.org\/wp-content\/uploads\/2022\/10\/cropped-cropped-cropped-Logo_la_ferme_pour_tous-1.png\",\"contentUrl\":\"https:\/\/lafermepourtous.org\/wp-content\/uploads\/2022\/10\/cropped-cropped-cropped-Logo_la_ferme_pour_tous-1.png\",\"width\":250,\"height\":250,\"caption\":\"La Ferme Pour Tous\"},\"image\":{\"@id\":\"https:\/\/lafermepourtous.org\/#\/schema\/logo\/image\/\"}},{\"@type\":\"Person\",\"@id\":\"https:\/\/lafermepourtous.org\/#\/schema\/person\/a96babba7306f08d7fb8e8db6d8de172\",\"name\":\"Jean-Fran\u00e7ois Touchard\",\"image\":{\"@type\":\"ImageObject\",\"inLanguage\":\"fr-FR\",\"@id\":\"https:\/\/lafermepourtous.org\/#\/schema\/person\/image\/\",\"url\":\"https:\/\/secure.gravatar.com\/avatar\/f71c0cbae553ff2ad9bd332ea861d155?s=96&d=mm&r=g\",\"contentUrl\":\"https:\/\/secure.gravatar.com\/avatar\/f71c0cbae553ff2ad9bd332ea861d155?s=96&d=mm&r=g\",\"caption\":\"Jean-Fran\u00e7ois Touchard\"},\"url\":\"https:\/\/lafermepourtous.org\/index.php\/author\/jftouch\/\"}]}<\/script>\n<!-- \/ Yoast SEO plugin. -->","yoast_head_json":{"title":"Visite de l'usine Andros \u00e0 Auneau - La Ferme Pour Tous","robots":{"index":"index","follow":"follow","max-snippet":"max-snippet:-1","max-image-preview":"max-image-preview:large","max-video-preview":"max-video-preview:-1"},"canonical":"https:\/\/lafermepourtous.org\/index.php\/2023\/06\/16\/visite-a-lusine-andros-a-auneau\/","og_locale":"fr_FR","og_type":"article","og_title":"Visite de l'usine Andros \u00e0 Auneau - La Ferme Pour Tous","og_description":"Nous \u00e9tions jeudi 15 juin 2023 \u00e0 Auneau o\u00f9 nous avons \u00e9t\u00e9 accueillis par Agathe Debard de l\u2019association VETA. Les personnes autistes qui travaillent \u00e0 l\u2019usine Andros habitent la semaine \u00e0 la Maison du Parc situ\u00e9e \u00e0 proximit\u00e9. Cette journ\u00e9e a \u00e9t\u00e9 tr\u00e8s utile pour mieux comprendre le dispositif dans [&hellip;]","og_url":"https:\/\/lafermepourtous.org\/index.php\/2023\/06\/16\/visite-a-lusine-andros-a-auneau\/","og_site_name":"La Ferme Pour Tous","article_published_time":"2023-06-16T19:09:11+00:00","article_modified_time":"2024-06-02T18:06:12+00:00","og_image":[{"width":640,"height":480,"url":"https:\/\/lafermepourtous.org\/wp-content\/uploads\/2023\/06\/IMG_7608.jpg","type":"image\/jpeg"}],"author":"Jean-Fran\u00e7ois Touchard","twitter_card":"summary_large_image","twitter_misc":{"\u00c9crit par":"Jean-Fran\u00e7ois Touchard","Dur\u00e9e de lecture estim\u00e9e":"1 minute"},"schema":{"@context":"https:\/\/schema.org","@graph":[{"@type":"Article","@id":"https:\/\/lafermepourtous.org\/index.php\/2023\/06\/16\/visite-a-lusine-andros-a-auneau\/#article","isPartOf":{"@id":"https:\/\/lafermepourtous.org\/index.php\/2023\/06\/16\/visite-a-lusine-andros-a-auneau\/"},"author":{"name":"Jean-Fran\u00e7ois Touchard","@id":"https:\/\/lafermepourtous.org\/#\/schema\/person\/a96babba7306f08d7fb8e8db6d8de172"},"headline":"Visite de l&#8217;usine Andros \u00e0 Auneau","datePublished":"2023-06-16T19:09:11+00:00","dateModified":"2024-06-02T18:06:12+00:00","mainEntityOfPage":{"@id":"https:\/\/lafermepourtous.org\/index.php\/2023\/06\/16\/visite-a-lusine-andros-a-auneau\/"},"wordCount":124,"publisher":{"@id":"https:\/\/lafermepourtous.org\/#organization"},"articleSection":["Rencontres"],"inLanguage":"fr-FR"},{"@type":"WebPage","@id":"https:\/\/lafermepourtous.org\/index.php\/2023\/06\/16\/visite-a-lusine-andros-a-auneau\/","url":"https:\/\/lafermepourtous.org\/index.php\/2023\/06\/16\/visite-a-lusine-andros-a-auneau\/","name":"Visite de l'usine Andros \u00e0 Auneau - La Ferme Pour Tous","isPartOf":{"@id":"https:\/\/lafermepourtous.org\/#website"},"datePublished":"2023-06-16T19:09:11+00:00","dateModified":"2024-06-02T18:06:12+00:00","breadcrumb":{"@id":"https:\/\/lafermepourtous.org\/index.php\/2023\/06\/16\/visite-a-lusine-andros-a-auneau\/#breadcrumb"},"inLanguage":"fr-FR","potentialAction":[{"@type":"ReadAction","target":["https:\/\/lafermepourtous.org\/index.php\/2023\/06\/16\/visite-a-lusine-andros-a-auneau\/"]}]},{"@type":"BreadcrumbList","@id":"https:\/\/lafermepourtous.org\/index.php\/2023\/06\/16\/visite-a-lusine-andros-a-auneau\/#breadcrumb","itemListElement":[{"@type":"ListItem","position":1,"name":"Accueil","item":"https:\/\/lafermepourtous.org\/"},{"@type":"ListItem","position":2,"name":"Visite de l&rsquo;usine Andros \u00e0 Auneau"}]},{"@type":"WebSite","@id":"https:\/\/lafermepourtous.org\/#website","url":"https:\/\/lafermepourtous.org\/","name":"La Ferme Pour Tous","description":"","publisher":{"@id":"https:\/\/lafermepourtous.org\/#organization"},"potentialAction":[{"@type":"SearchAction","target":{"@type":"EntryPoint","urlTemplate":"https:\/\/lafermepourtous.org\/?s={search_term_string}"},"query-input":"required name=search_term_string"}],"inLanguage":"fr-FR"},{"@type":"Organization","@id":"https:\/\/lafermepourtous.org\/#organization","name":"La Ferme Pour Tous","url":"https:\/\/lafermepourtous.org\/","logo":{"@type":"ImageObject","inLanguage":"fr-FR","@id":"https:\/\/lafermepourtous.org\/#\/schema\/logo\/image\/","url":"https:\/\/lafermepourtous.org\/wp-content\/uploads\/2022\/10\/cropped-cropped-cropped-Logo_la_ferme_pour_tous-1.png","contentUrl":"https:\/\/lafermepourtous.org\/wp-content\/uploads\/2022\/10\/cropped-cropped-cropped-Logo_la_ferme_pour_tous-1.png","width":250,"height":250,"caption":"La Ferme Pour Tous"},"image":{"@id":"https:\/\/lafermepourtous.org\/#\/schema\/logo\/image\/"}},{"@type":"Person","@id":"https:\/\/lafermepourtous.org\/#\/schema\/person\/a96babba7306f08d7fb8e8db6d8de172","name":"Jean-Fran\u00e7ois Touchard","image":{"@type":"ImageObject","inLanguage":"fr-FR","@id":"https:\/\/lafermepourtous.org\/#\/schema\/person\/image\/","url":"https:\/\/secure.gravatar.com\/avatar\/f71c0cbae553ff2ad9bd332ea861d155?s=96&d=mm&r=g","contentUrl":"https:\/\/secure.gravatar.com\/avatar\/f71c0cbae553ff2ad9bd332ea861d155?s=96&d=mm&r=g","caption":"Jean-Fran\u00e7ois Touchard"},"url":"https:\/\/lafermepourtous.org\/index.php\/author\/jftouch\/"}]}},"_links":{"self":[{"href":"https:\/\/lafermepourtous.org\/index.php\/wp-json\/wp\/v2\/posts\/1146"}],"collection":[{"href":"https:\/\/lafermepourtous.org\/index.php\/wp-json\/wp\/v2\/posts"}],"about":[{"href":"https:\/\/lafermepourtous.org\/index.php\/wp-json\/wp\/v2\/types\/post"}],"author":[{"embeddable":true,"href":"https:\/\/lafermepourtous.org\/index.php\/wp-json\/wp\/v2\/users\/2"}],"replies":[{"embeddable":true,"href":"https:\/\/lafermepourtous.org\/index.php\/wp-json\/wp\/v2\/comments?post=1146"}],"version-history":[{"count":3,"href":"https:\/\/lafermepourtous.org\/index.php\/wp-json\/wp\/v2\/posts\/1146\/revisions"}],"predecessor-version":[{"id":1675,"href":"https:\/\/lafermepourtous.org\/index.php\/wp-json\/wp\/v2\/posts\/1146\/revisions\/1675"}],"wp:featuredmedia":[{"embeddable":true,"href":"https:\/\/lafermepourtous.org\/index.php\/wp-json\/wp\/v2\/media\/1148"}],"wp:attachment":[{"href":"https:\/\/lafermepourtous.org\/index.php\/wp-json\/wp\/v2\/media?parent=1146"}],"wp:term":[{"taxonomy":"category","embeddable":true,"href":"https:\/\/lafermepourtous.org\/index.php\/wp-json\/wp\/v2\/categories?post=1146"},{"taxonomy":"post_tag","embeddable":true,"href":"https:\/\/lafermepourtous.org\/index.php\/wp-json\/wp\/v2\/tags?post=1146"}],"curies":[{"name":"wp","href":"https:\/\/api.w.org\/{rel}","templated":true}]}}